{"id":1656,"date":"2026-09-02T17:05:25","date_gmt":"2026-09-02T16:05:25","guid":{"rendered":"https:\/\/radiolidernoia.com\/?p=1656"},"modified":"2026-09-02T17:05:25","modified_gmt":"2026-09-02T16:05:25","slug":"entrevista-a-eli-dosil","status":"publish","type":"post","link":"https:\/\/radiolidernoia.com\/index.php\/2026\/09\/02\/entrevista-a-eli-dosil\/","title":{"rendered":"ENTREVISTA A ELI DOSIL"},"content":{"rendered":"\n<p class=\"wp-block-paragraph\">A noiesa&nbsp;<strong>Eli Dosil<\/strong>&nbsp;viaxou a&nbsp;<a href=\"https:\/\/www.elcorreogallego.es\/santiago\/2026\/06\/26\/caritas-archidiocesis-santiago-unen-ayuda-131839771.html\">Venezuela<\/a>&nbsp;para participar na posta en marcha dun&nbsp;<strong>proxecto humanitario<\/strong>&nbsp;destinado a recuperar servizos b\u00e1sicos para a poboaci\u00f3n afectada polo terremoto que golpeou recentemente o estado de La Guaira.<\/p>\n\n\n\n<p class=\"wp-block-paragraph\">Durante quince d\u00edas formou parte do equipo encargado de iniciar esta intervenci\u00f3n, que comenzou coa i<strong>nstalaci\u00f3n de lavander\u00edas comunitarias<\/strong>, un primeiro paso dentro dun proxecto m\u00e1is amplo orientado a mellorar as condici\u00f3ns de vida das persoas afectadas.<\/p>\n\n\n\n<p class=\"wp-block-paragraph\">Esta misi\u00f3n constit\u00faeu a primeira intervenci\u00f3n internacional da\u00a0<strong>Asociaci\u00f3n de Voluntariado Local de Noia<\/strong>, creada recentemente co obxectivo de impulsar iniciativas solidarias tanto no \u00e1mbito local como en colaboraci\u00f3n con entidades especializadas en cooperaci\u00f3n internacional.Para desenvolver este proxecto, a asociaci\u00f3n asinou un\u00a0<strong>convenio de colaboraci\u00f3n con GBGE<\/strong>, unha organizaci\u00f3n vasca con ampla experiencia en emerxencias e misi\u00f3ns humanitarias internacionais. O acordo permitir\u00e1\u00a0<strong>promover actuaci\u00f3ns conxuntas sobre o terreo<\/strong>, combinando a capacidade de mobilizaci\u00f3n dunha entidade local coa experiencia dunha organizaci\u00f3n con anos de traballo en intervenci\u00f3ns humanitarias.<\/p>\n\n\n\n<figure class=\"wp-block-audio\"><audio controls src=\"https:\/\/radiolidernoia.com\/wp-content\/uploads\/2026\/09\/ELI-DOSIL.mp3\"><\/audio><\/figure>\n\n\n\n<figure class=\"wp-block-gallery has-nested-images columns-default is-cropped wp-block-gallery-1 is-layout-flex wp-block-gallery-is-layout-flex\">\n<figure class=\"wp-block-image size-large\"><img loading=\"lazy\" decoding=\"async\" width=\"1024\" height=\"768\" data-id=\"1658\" src=\"https:\/\/radiolidernoia.com\/wp-content\/uploads\/2026\/09\/IMG_20260902_125553-1024x768.jpg\" alt=\"\" class=\"wp-image-1658\" srcset=\"https:\/\/radiolidernoia.com\/wp-content\/uploads\/2026\/09\/IMG_20260902_125553-1024x768-1.jpg 1024w, https:\/\/radiolidernoia.com\/wp-content\/uploads\/2026\/09\/IMG_20260902_125553-300x225.jpg 300w, https:\/\/radiolidernoia.com\/wp-content\/uploads\/2026\/09\/IMG_20260902_125553-768x576.jpg 768w, https:\/\/radiolidernoia.com\/wp-content\/uploads\/2026\/09\/IMG_20260902_125553-1536x1152.jpg 1536w, https:\/\/radiolidernoia.com\/wp-content\/uploads\/2026\/09\/IMG_20260902_125553-2048x1536.jpg 2048w\" sizes=\"auto, (max-width: 1024px) 100vw, 1024px\" \/><\/figure>\n<\/figure>\n\n\n\n<p class=\"wp-block-paragraph\"><\/p>\n","protected":false},"excerpt":{"rendered":"excerpt","protected":false},"author":2,"featured_media":0,"comment_status":"closed","ping_status":"open","sticky":false,"template":"","format":"standard","meta":{"episode_type":"","audio_file":"","cover_image":"","cover_image_id":"","duration":"","filesize":"","date_recorded":"","explicit":"","block":"","filesize_raw":"","footnotes":""},"categories":[1],"tags":[],"class_list":["post-1656","post","type-post","status-publish","format-standard","hentry","category-sin-categoria"],"acf":[],"_links":{"self":[{"href":"https:\/\/radiolidernoia.com\/index.php\/wp-json\/wp\/v2\/posts\/1656","targetHints":{"allow":["GET"]}}],"collection":[{"href":"https:\/\/radiolidernoia.com\/index.php\/wp-json\/wp\/v2\/posts"}],"about":[{"href":"https:\/\/radiolidernoia.com\/index.php\/wp-json\/wp\/v2\/types\/post"}],"author":[{"embeddable":true,"href":"https:\/\/radiolidernoia.com\/index.php\/wp-json\/wp\/v2\/users\/2"}],"replies":[{"embeddable":true,"href":"https:\/\/radiolidernoia.com\/index.php\/wp-json\/wp\/v2\/comments?post=1656"}],"version-history":[{"count":1,"href":"https:\/\/radiolidernoia.com\/index.php\/wp-json\/wp\/v2\/posts\/1656\/revisions"}],"predecessor-version":[{"id":1659,"href":"https:\/\/radiolidernoia.com\/index.php\/wp-json\/wp\/v2\/posts\/1656\/revisions\/1659"}],"wp:attachment":[{"href":"https:\/\/radiolidernoia.com\/index.php\/wp-json\/wp\/v2\/media?parent=1656"}],"wp:term":[{"taxonomy":"category","embeddable":true,"href":"https:\/\/radiolidernoia.com\/index.php\/wp-json\/wp\/v2\/categories?post=1656"},{"taxonomy":"post_tag","embeddable":true,"href":"https:\/\/radiolidernoia.com\/index.php\/wp-json\/wp\/v2\/tags?post=1656"}],"curies":[{"name":"wp","href":"https:\/\/api.w.org\/{rel}","templated":true}]}}