{"id":232,"date":"2023-03-31T08:53:04","date_gmt":"2023-03-31T07:53:04","guid":{"rendered":"https:\/\/radiolidernoia.com\/?p=232"},"modified":"2023-03-31T08:53:04","modified_gmt":"2023-03-31T07:53:04","slug":"entrevista-a-d-jose-anuncio-mourino-e-juan-carlos-perez-oviedo","status":"publish","type":"post","link":"https:\/\/radiolidernoia.com\/index.php\/2023\/03\/31\/entrevista-a-d-jose-anuncio-mourino-e-juan-carlos-perez-oviedo\/","title":{"rendered":"ENTREVISTA A D. JOS\u00c9 ANUNCIO MOURI\u00d1O E JUAN CARLOS P\u00c9REZ OVIEDO"},"content":{"rendered":"\n<p>Aqu\u00ed vos deixo a entrevista que lle fixemos a D.Jos\u00e9 Anuncio Mouri\u00f1o Ra\u00f1\u00f3, director de C\u00e1ritas diocesana de Santiago e Juan Carlos P\u00e9rez Oviedo presidente de C\u00e1ritas parroquial de Noia por un convenio de colaboraci\u00f3n que se firmou  entidade co concello de Noia.<\/p>\n\n\n\n<figure class=\"wp-block-audio\"><audio controls src=\"https:\/\/radiolidernoia.com\/wp-content\/uploads\/2023\/03\/CARITAS.mp3\"><\/audio><\/figure>\n\n\n\n<figure class=\"wp-block-gallery has-nested-images columns-default is-cropped wp-block-gallery-1 is-layout-flex wp-block-gallery-is-layout-flex\">\n<figure class=\"wp-block-image size-large\"><img loading=\"lazy\" decoding=\"async\" width=\"1024\" height=\"768\" data-id=\"234\" src=\"https:\/\/radiolidernoia.com\/wp-content\/uploads\/2023\/03\/IMG_20230320_123924-1024x768.jpg\" alt=\"\" class=\"wp-image-234\" srcset=\"https:\/\/radiolidernoia.com\/wp-content\/uploads\/2023\/03\/IMG_20230320_123924-1024x768.jpg 1024w, https:\/\/radiolidernoia.com\/wp-content\/uploads\/2023\/03\/IMG_20230320_123924-300x225.jpg 300w, https:\/\/radiolidernoia.com\/wp-content\/uploads\/2023\/03\/IMG_20230320_123924-768x576.jpg 768w, https:\/\/radiolidernoia.com\/wp-content\/uploads\/2023\/03\/IMG_20230320_123924-1536x1152.jpg 1536w, https:\/\/radiolidernoia.com\/wp-content\/uploads\/2023\/03\/IMG_20230320_123924-2048x1536.jpg 2048w\" sizes=\"auto, (max-width: 1024px) 100vw, 1024px\" \/><\/figure>\n<\/figure>\n","protected":false},"excerpt":{"rendered":"excerpt","protected":false},"author":2,"featured_media":0,"comment_status":"closed","ping_status":"open","sticky":false,"template":"","format":"standard","meta":{"episode_type":"","audio_file":"","cover_image":"","cover_image_id":"","duration":"","filesize":"","date_recorded":"","explicit":"","block":"","filesize_raw":"","footnotes":""},"categories":[5],"tags":[],"class_list":["post-232","post","type-post","status-publish","format-standard","hentry","category-audios"],"acf":[],"_links":{"self":[{"href":"https:\/\/radiolidernoia.com\/index.php\/wp-json\/wp\/v2\/posts\/232","targetHints":{"allow":["GET"]}}],"collection":[{"href":"https:\/\/radiolidernoia.com\/index.php\/wp-json\/wp\/v2\/posts"}],"about":[{"href":"https:\/\/radiolidernoia.com\/index.php\/wp-json\/wp\/v2\/types\/post"}],"author":[{"embeddable":true,"href":"https:\/\/radiolidernoia.com\/index.php\/wp-json\/wp\/v2\/users\/2"}],"replies":[{"embeddable":true,"href":"https:\/\/radiolidernoia.com\/index.php\/wp-json\/wp\/v2\/comments?post=232"}],"version-history":[{"count":1,"href":"https:\/\/radiolidernoia.com\/index.php\/wp-json\/wp\/v2\/posts\/232\/revisions"}],"predecessor-version":[{"id":235,"href":"https:\/\/radiolidernoia.com\/index.php\/wp-json\/wp\/v2\/posts\/232\/revisions\/235"}],"wp:attachment":[{"href":"https:\/\/radiolidernoia.com\/index.php\/wp-json\/wp\/v2\/media?parent=232"}],"wp:term":[{"taxonomy":"category","embeddable":true,"href":"https:\/\/radiolidernoia.com\/index.php\/wp-json\/wp\/v2\/categories?post=232"},{"taxonomy":"post_tag","embeddable":true,"href":"https:\/\/radiolidernoia.com\/index.php\/wp-json\/wp\/v2\/tags?post=232"}],"curies":[{"name":"wp","href":"https:\/\/api.w.org\/{rel}","templated":true}]}}